{"id":27515,"date":"2022-08-09T12:54:09","date_gmt":"2022-08-09T10:54:09","guid":{"rendered":"https:\/\/shadedesign.eu\/por-que-las-velas-de-sombra-tienen-curvas-en-los-lados\/"},"modified":"2024-01-08T11:06:18","modified_gmt":"2024-01-08T10:06:18","slug":"por-que-las-velas-de-sombra-tienen-curvas-en-los-lados","status":"publish","type":"post","link":"https:\/\/shadedesign.eu\/es\/por-que-las-velas-de-sombra-tienen-curvas-en-los-lados\/","title":{"rendered":"\u00bfPor qu\u00e9 las velas de sombra tienen curvas en los lados?"},"content":{"rendered":"<p>El per\u00edmetro de cada vela est\u00e1 dise\u00f1ado con una curva (tambi\u00e9n denominada gore) hacia el centro de la vela para controlar la tensi\u00f3n de la tela.<\/p>\n<p>Las velas de sombra, tambi\u00e9n conocidas como velas solares, tienen correas reforzadas alrededor del per\u00edmetro y anillos en D de acero inoxidable marino o anillos \u00abDelta\u00bb en cada esquina.<\/p>\n<p>Hace a\u00f1os, la gente colgaba una lona con lados rectos y ojales en las esquinas sobre lo que quer\u00edan proteger o dar sombra a un \u00e1rea.<\/p>\n<p>Los ojales en las esquinas de la lona se unieron a los puntos de montaje y se apretaron.<\/p>\n<p>Los bordes exteriores de la lona estar\u00edan tensos, sin embargo, la mitad de la lona se combar\u00eda y ondear\u00eda con el viento.<\/p>\n<p>As\u00ed que se colocaron curvas en los bordes del per\u00edmetro y una vez que se tiraron de las esquinas, intentaron enderezar las curvas de los lados, pero no pudieron porque estaban unidas a la tela en el centro de la vela de sombra.<\/p>\n<p>Este efecto, a su vez, tensar\u00eda la tela en el centro de la vela de sombra. Esto elimina la flacidez o la tela suelta como en el medio de la lona con los ojales.<\/p>\n<p>Cuando est\u00e1 correctamente tensada, la tela no se arrugar\u00e1, combar\u00e1 ni agitar\u00e1 con el viento.<\/p>\n","protected":false},"excerpt":{"rendered":"<p>El per\u00edmetro de cada vela est\u00e1 dise\u00f1ado con una curva (tambi\u00e9n denominada gore) hacia el centro de la vela para controlar la tensi\u00f3n de la tela. Las velas de sombra, tambi\u00e9n conocidas como velas solares, tienen correas reforzadas alrededor del per\u00edmetro y anillos en D de acero inoxidable marino o anillos \u00abDelta\u00bb en cada esquina. [&hellip;]<\/p>\n","protected":false},"author":3,"featured_media":25734,"comment_status":"closed","ping_status":"open","sticky":false,"template":"","format":"standard","meta":{"_et_pb_use_builder":"","_et_pb_old_content":"","_et_gb_content_width":"","footnotes":""},"categories":[47],"tags":[],"class_list":["post-27515","post","type-post","status-publish","format-standard","has-post-thumbnail","hentry","category-caracteristicas-cualidades"],"yoast_head":"<!-- This site is optimized with the Yoast SEO plugin v27.4 - https:\/\/yoast.com\/product\/yoast-seo-wordpress\/ -->\n<title>\u00bfPor qu\u00e9 las velas de sombra tienen curvas en los lados? - shadedesign<\/title>\n<meta name=\"robots\" content=\"index, follow, max-snippet:-1, max-image-preview:large, max-video-preview:-1\" \/>\n<link rel=\"canonical\" href=\"https:\/\/shadedesign.eu\/es\/por-que-las-velas-de-sombra-tienen-curvas-en-los-lados\/\" \/>\n<meta property=\"og:locale\" content=\"es_ES\" \/>\n<meta property=\"og:type\" content=\"article\" \/>\n<meta property=\"og:title\" content=\"\u00bfPor qu\u00e9 las velas de sombra tienen curvas en los lados? - shadedesign\" \/>\n<meta property=\"og:description\" content=\"El per\u00edmetro de cada vela est\u00e1 dise\u00f1ado con una curva (tambi\u00e9n denominada gore) hacia el centro de la vela para controlar la tensi\u00f3n de la tela. Las velas de sombra, tambi\u00e9n conocidas como velas solares, tienen correas reforzadas alrededor del per\u00edmetro y anillos en D de acero inoxidable marino o anillos \u00abDelta\u00bb en cada esquina. [&hellip;]\" \/>\n<meta property=\"og:url\" content=\"https:\/\/shadedesign.eu\/es\/por-que-las-velas-de-sombra-tienen-curvas-en-los-lados\/\" \/>\n<meta property=\"og:site_name\" content=\"shadedesign\" \/>\n<meta property=\"article:publisher\" content=\"https:\/\/www.facebook.com\/shadedesign.eu\" \/>\n<meta property=\"article:published_time\" content=\"2022-08-09T10:54:09+00:00\" \/>\n<meta property=\"article:modified_time\" content=\"2024-01-08T10:06:18+00:00\" \/>\n<meta property=\"og:image\" content=\"https:\/\/shadedesign.eu\/wp-content\/uploads\/2022\/08\/shadesail-scaled.jpg\" \/>\n\t<meta property=\"og:image:width\" content=\"2560\" \/>\n\t<meta property=\"og:image:height\" content=\"1440\" \/>\n\t<meta property=\"og:image:type\" content=\"image\/jpeg\" \/>\n<meta name=\"author\" content=\"shadedesign\" \/>\n<script type=\"application\/ld+json\" class=\"yoast-schema-graph\">{\"@context\":\"https:\\\/\\\/schema.org\",\"@graph\":[{\"@type\":\"Article\",\"@id\":\"https:\\\/\\\/shadedesign.eu\\\/es\\\/por-que-las-velas-de-sombra-tienen-curvas-en-los-lados\\\/#article\",\"isPartOf\":{\"@id\":\"https:\\\/\\\/shadedesign.eu\\\/es\\\/por-que-las-velas-de-sombra-tienen-curvas-en-los-lados\\\/\"},\"author\":{\"name\":\"shadedesign\",\"@id\":\"https:\\\/\\\/shadedesign.eu\\\/es\\\/#\\\/schema\\\/person\\\/333ad91f14b86e8da1578e4daef96b81\"},\"headline\":\"\u00bfPor qu\u00e9 las velas de sombra tienen curvas en los lados?\",\"datePublished\":\"2022-08-09T10:54:09+00:00\",\"dateModified\":\"2024-01-08T10:06:18+00:00\",\"mainEntityOfPage\":{\"@id\":\"https:\\\/\\\/shadedesign.eu\\\/es\\\/por-que-las-velas-de-sombra-tienen-curvas-en-los-lados\\\/\"},\"wordCount\":237,\"publisher\":{\"@id\":\"https:\\\/\\\/shadedesign.eu\\\/es\\\/#organization\"},\"image\":{\"@id\":\"https:\\\/\\\/shadedesign.eu\\\/es\\\/por-que-las-velas-de-sombra-tienen-curvas-en-los-lados\\\/#primaryimage\"},\"thumbnailUrl\":\"https:\\\/\\\/shadedesign.eu\\\/wp-content\\\/uploads\\\/2022\\\/08\\\/shadesail-scaled.jpg\",\"articleSection\":[\"Caracter\u00edsticas y cualidades\"],\"inLanguage\":\"es\"},{\"@type\":\"WebPage\",\"@id\":\"https:\\\/\\\/shadedesign.eu\\\/es\\\/por-que-las-velas-de-sombra-tienen-curvas-en-los-lados\\\/\",\"url\":\"https:\\\/\\\/shadedesign.eu\\\/es\\\/por-que-las-velas-de-sombra-tienen-curvas-en-los-lados\\\/\",\"name\":\"\u00bfPor qu\u00e9 las velas de sombra tienen curvas en los lados? - shadedesign\",\"isPartOf\":{\"@id\":\"https:\\\/\\\/shadedesign.eu\\\/es\\\/#website\"},\"primaryImageOfPage\":{\"@id\":\"https:\\\/\\\/shadedesign.eu\\\/es\\\/por-que-las-velas-de-sombra-tienen-curvas-en-los-lados\\\/#primaryimage\"},\"image\":{\"@id\":\"https:\\\/\\\/shadedesign.eu\\\/es\\\/por-que-las-velas-de-sombra-tienen-curvas-en-los-lados\\\/#primaryimage\"},\"thumbnailUrl\":\"https:\\\/\\\/shadedesign.eu\\\/wp-content\\\/uploads\\\/2022\\\/08\\\/shadesail-scaled.jpg\",\"datePublished\":\"2022-08-09T10:54:09+00:00\",\"dateModified\":\"2024-01-08T10:06:18+00:00\",\"breadcrumb\":{\"@id\":\"https:\\\/\\\/shadedesign.eu\\\/es\\\/por-que-las-velas-de-sombra-tienen-curvas-en-los-lados\\\/#breadcrumb\"},\"inLanguage\":\"es\",\"potentialAction\":[{\"@type\":\"ReadAction\",\"target\":[\"https:\\\/\\\/shadedesign.eu\\\/es\\\/por-que-las-velas-de-sombra-tienen-curvas-en-los-lados\\\/\"]}]},{\"@type\":\"ImageObject\",\"inLanguage\":\"es\",\"@id\":\"https:\\\/\\\/shadedesign.eu\\\/es\\\/por-que-las-velas-de-sombra-tienen-curvas-en-los-lados\\\/#primaryimage\",\"url\":\"https:\\\/\\\/shadedesign.eu\\\/wp-content\\\/uploads\\\/2022\\\/08\\\/shadesail-scaled.jpg\",\"contentUrl\":\"https:\\\/\\\/shadedesign.eu\\\/wp-content\\\/uploads\\\/2022\\\/08\\\/shadesail-scaled.jpg\",\"width\":2560,\"height\":1440,\"caption\":\"Why do Shade Sails have Curves\"},{\"@type\":\"BreadcrumbList\",\"@id\":\"https:\\\/\\\/shadedesign.eu\\\/es\\\/por-que-las-velas-de-sombra-tienen-curvas-en-los-lados\\\/#breadcrumb\",\"itemListElement\":[{\"@type\":\"ListItem\",\"position\":1,\"name\":\"Home\",\"item\":\"https:\\\/\\\/shadedesign.eu\\\/es\\\/\"},{\"@type\":\"ListItem\",\"position\":2,\"name\":\"\u00bfPor qu\u00e9 las velas de sombra tienen curvas en los lados?\"}]},{\"@type\":\"WebSite\",\"@id\":\"https:\\\/\\\/shadedesign.eu\\\/es\\\/#website\",\"url\":\"https:\\\/\\\/shadedesign.eu\\\/es\\\/\",\"name\":\"shadedesign\",\"description\":\"Designers of shade - Dise\u00f1adores de sombra\",\"publisher\":{\"@id\":\"https:\\\/\\\/shadedesign.eu\\\/es\\\/#organization\"},\"potentialAction\":[{\"@type\":\"SearchAction\",\"target\":{\"@type\":\"EntryPoint\",\"urlTemplate\":\"https:\\\/\\\/shadedesign.eu\\\/es\\\/?s={search_term_string}\"},\"query-input\":{\"@type\":\"PropertyValueSpecification\",\"valueRequired\":true,\"valueName\":\"search_term_string\"}}],\"inLanguage\":\"es\"},{\"@type\":\"Organization\",\"@id\":\"https:\\\/\\\/shadedesign.eu\\\/es\\\/#organization\",\"name\":\"SHADEDESIGN\",\"url\":\"https:\\\/\\\/shadedesign.eu\\\/es\\\/\",\"logo\":{\"@type\":\"ImageObject\",\"inLanguage\":\"es\",\"@id\":\"https:\\\/\\\/shadedesign.eu\\\/es\\\/#\\\/schema\\\/logo\\\/image\\\/\",\"url\":\"https:\\\/\\\/mlubtqrzccy9.i.optimole.com\\\/w:1919\\\/h:576\\\/q:mauto\\\/f:best\\\/https:\\\/\\\/shadedesign.eu\\\/wp-content\\\/uploads\\\/2022\\\/06\\\/shade-design-logo-150.png\",\"contentUrl\":\"https:\\\/\\\/mlubtqrzccy9.i.optimole.com\\\/w:1919\\\/h:576\\\/q:mauto\\\/f:best\\\/https:\\\/\\\/shadedesign.eu\\\/wp-content\\\/uploads\\\/2022\\\/06\\\/shade-design-logo-150.png\",\"width\":3125,\"height\":938,\"caption\":\"SHADEDESIGN\"},\"image\":{\"@id\":\"https:\\\/\\\/shadedesign.eu\\\/es\\\/#\\\/schema\\\/logo\\\/image\\\/\"},\"sameAs\":[\"https:\\\/\\\/www.facebook.com\\\/shadedesign.eu\"]},{\"@type\":\"Person\",\"@id\":\"https:\\\/\\\/shadedesign.eu\\\/es\\\/#\\\/schema\\\/person\\\/333ad91f14b86e8da1578e4daef96b81\",\"name\":\"shadedesign\",\"image\":{\"@type\":\"ImageObject\",\"inLanguage\":\"es\",\"@id\":\"https:\\\/\\\/shadedesign.eu\\\/wp-content\\\/litespeed\\\/avatar\\\/5f61a3ea35ac29de605ac31a8810ce86.jpg?ver=1776684861\",\"url\":\"https:\\\/\\\/shadedesign.eu\\\/wp-content\\\/litespeed\\\/avatar\\\/5f61a3ea35ac29de605ac31a8810ce86.jpg?ver=1776684861\",\"contentUrl\":\"https:\\\/\\\/shadedesign.eu\\\/wp-content\\\/litespeed\\\/avatar\\\/5f61a3ea35ac29de605ac31a8810ce86.jpg?ver=1776684861\",\"caption\":\"shadedesign\"},\"url\":\"https:\\\/\\\/shadedesign.eu\\\/es\\\/author\\\/shade_adm1n\\\/\"}]}<\/script>\n<!-- \/ Yoast SEO plugin. -->","yoast_head_json":{"title":"\u00bfPor qu\u00e9 las velas de sombra tienen curvas en los lados? - shadedesign","robots":{"index":"index","follow":"follow","max-snippet":"max-snippet:-1","max-image-preview":"max-image-preview:large","max-video-preview":"max-video-preview:-1"},"canonical":"https:\/\/shadedesign.eu\/es\/por-que-las-velas-de-sombra-tienen-curvas-en-los-lados\/","og_locale":"es_ES","og_type":"article","og_title":"\u00bfPor qu\u00e9 las velas de sombra tienen curvas en los lados? - shadedesign","og_description":"El per\u00edmetro de cada vela est\u00e1 dise\u00f1ado con una curva (tambi\u00e9n denominada gore) hacia el centro de la vela para controlar la tensi\u00f3n de la tela. Las velas de sombra, tambi\u00e9n conocidas como velas solares, tienen correas reforzadas alrededor del per\u00edmetro y anillos en D de acero inoxidable marino o anillos \u00abDelta\u00bb en cada esquina. [&hellip;]","og_url":"https:\/\/shadedesign.eu\/es\/por-que-las-velas-de-sombra-tienen-curvas-en-los-lados\/","og_site_name":"shadedesign","article_publisher":"https:\/\/www.facebook.com\/shadedesign.eu","article_published_time":"2022-08-09T10:54:09+00:00","article_modified_time":"2024-01-08T10:06:18+00:00","og_image":[{"width":2560,"height":1440,"url":"https:\/\/shadedesign.eu\/wp-content\/uploads\/2022\/08\/shadesail-scaled.jpg","type":"image\/jpeg"}],"author":"shadedesign","schema":{"@context":"https:\/\/schema.org","@graph":[{"@type":"Article","@id":"https:\/\/shadedesign.eu\/es\/por-que-las-velas-de-sombra-tienen-curvas-en-los-lados\/#article","isPartOf":{"@id":"https:\/\/shadedesign.eu\/es\/por-que-las-velas-de-sombra-tienen-curvas-en-los-lados\/"},"author":{"name":"shadedesign","@id":"https:\/\/shadedesign.eu\/es\/#\/schema\/person\/333ad91f14b86e8da1578e4daef96b81"},"headline":"\u00bfPor qu\u00e9 las velas de sombra tienen curvas en los lados?","datePublished":"2022-08-09T10:54:09+00:00","dateModified":"2024-01-08T10:06:18+00:00","mainEntityOfPage":{"@id":"https:\/\/shadedesign.eu\/es\/por-que-las-velas-de-sombra-tienen-curvas-en-los-lados\/"},"wordCount":237,"publisher":{"@id":"https:\/\/shadedesign.eu\/es\/#organization"},"image":{"@id":"https:\/\/shadedesign.eu\/es\/por-que-las-velas-de-sombra-tienen-curvas-en-los-lados\/#primaryimage"},"thumbnailUrl":"https:\/\/shadedesign.eu\/wp-content\/uploads\/2022\/08\/shadesail-scaled.jpg","articleSection":["Caracter\u00edsticas y cualidades"],"inLanguage":"es"},{"@type":"WebPage","@id":"https:\/\/shadedesign.eu\/es\/por-que-las-velas-de-sombra-tienen-curvas-en-los-lados\/","url":"https:\/\/shadedesign.eu\/es\/por-que-las-velas-de-sombra-tienen-curvas-en-los-lados\/","name":"\u00bfPor qu\u00e9 las velas de sombra tienen curvas en los lados? - shadedesign","isPartOf":{"@id":"https:\/\/shadedesign.eu\/es\/#website"},"primaryImageOfPage":{"@id":"https:\/\/shadedesign.eu\/es\/por-que-las-velas-de-sombra-tienen-curvas-en-los-lados\/#primaryimage"},"image":{"@id":"https:\/\/shadedesign.eu\/es\/por-que-las-velas-de-sombra-tienen-curvas-en-los-lados\/#primaryimage"},"thumbnailUrl":"https:\/\/shadedesign.eu\/wp-content\/uploads\/2022\/08\/shadesail-scaled.jpg","datePublished":"2022-08-09T10:54:09+00:00","dateModified":"2024-01-08T10:06:18+00:00","breadcrumb":{"@id":"https:\/\/shadedesign.eu\/es\/por-que-las-velas-de-sombra-tienen-curvas-en-los-lados\/#breadcrumb"},"inLanguage":"es","potentialAction":[{"@type":"ReadAction","target":["https:\/\/shadedesign.eu\/es\/por-que-las-velas-de-sombra-tienen-curvas-en-los-lados\/"]}]},{"@type":"ImageObject","inLanguage":"es","@id":"https:\/\/shadedesign.eu\/es\/por-que-las-velas-de-sombra-tienen-curvas-en-los-lados\/#primaryimage","url":"https:\/\/shadedesign.eu\/wp-content\/uploads\/2022\/08\/shadesail-scaled.jpg","contentUrl":"https:\/\/shadedesign.eu\/wp-content\/uploads\/2022\/08\/shadesail-scaled.jpg","width":2560,"height":1440,"caption":"Why do Shade Sails have Curves"},{"@type":"BreadcrumbList","@id":"https:\/\/shadedesign.eu\/es\/por-que-las-velas-de-sombra-tienen-curvas-en-los-lados\/#breadcrumb","itemListElement":[{"@type":"ListItem","position":1,"name":"Home","item":"https:\/\/shadedesign.eu\/es\/"},{"@type":"ListItem","position":2,"name":"\u00bfPor qu\u00e9 las velas de sombra tienen curvas en los lados?"}]},{"@type":"WebSite","@id":"https:\/\/shadedesign.eu\/es\/#website","url":"https:\/\/shadedesign.eu\/es\/","name":"shadedesign","description":"Designers of shade - Dise\u00f1adores de sombra","publisher":{"@id":"https:\/\/shadedesign.eu\/es\/#organization"},"potentialAction":[{"@type":"SearchAction","target":{"@type":"EntryPoint","urlTemplate":"https:\/\/shadedesign.eu\/es\/?s={search_term_string}"},"query-input":{"@type":"PropertyValueSpecification","valueRequired":true,"valueName":"search_term_string"}}],"inLanguage":"es"},{"@type":"Organization","@id":"https:\/\/shadedesign.eu\/es\/#organization","name":"SHADEDESIGN","url":"https:\/\/shadedesign.eu\/es\/","logo":{"@type":"ImageObject","inLanguage":"es","@id":"https:\/\/shadedesign.eu\/es\/#\/schema\/logo\/image\/","url":"https:\/\/mlubtqrzccy9.i.optimole.com\/w:1919\/h:576\/q:mauto\/f:best\/https:\/\/shadedesign.eu\/wp-content\/uploads\/2022\/06\/shade-design-logo-150.png","contentUrl":"https:\/\/mlubtqrzccy9.i.optimole.com\/w:1919\/h:576\/q:mauto\/f:best\/https:\/\/shadedesign.eu\/wp-content\/uploads\/2022\/06\/shade-design-logo-150.png","width":3125,"height":938,"caption":"SHADEDESIGN"},"image":{"@id":"https:\/\/shadedesign.eu\/es\/#\/schema\/logo\/image\/"},"sameAs":["https:\/\/www.facebook.com\/shadedesign.eu"]},{"@type":"Person","@id":"https:\/\/shadedesign.eu\/es\/#\/schema\/person\/333ad91f14b86e8da1578e4daef96b81","name":"shadedesign","image":{"@type":"ImageObject","inLanguage":"es","@id":"https:\/\/shadedesign.eu\/wp-content\/litespeed\/avatar\/5f61a3ea35ac29de605ac31a8810ce86.jpg?ver=1776684861","url":"https:\/\/shadedesign.eu\/wp-content\/litespeed\/avatar\/5f61a3ea35ac29de605ac31a8810ce86.jpg?ver=1776684861","contentUrl":"https:\/\/shadedesign.eu\/wp-content\/litespeed\/avatar\/5f61a3ea35ac29de605ac31a8810ce86.jpg?ver=1776684861","caption":"shadedesign"},"url":"https:\/\/shadedesign.eu\/es\/author\/shade_adm1n\/"}]}},"_links":{"self":[{"href":"https:\/\/shadedesign.eu\/es\/wp-json\/wp\/v2\/posts\/27515","targetHints":{"allow":["GET"]}}],"collection":[{"href":"https:\/\/shadedesign.eu\/es\/wp-json\/wp\/v2\/posts"}],"about":[{"href":"https:\/\/shadedesign.eu\/es\/wp-json\/wp\/v2\/types\/post"}],"author":[{"embeddable":true,"href":"https:\/\/shadedesign.eu\/es\/wp-json\/wp\/v2\/users\/3"}],"replies":[{"embeddable":true,"href":"https:\/\/shadedesign.eu\/es\/wp-json\/wp\/v2\/comments?post=27515"}],"version-history":[{"count":0,"href":"https:\/\/shadedesign.eu\/es\/wp-json\/wp\/v2\/posts\/27515\/revisions"}],"wp:featuredmedia":[{"embeddable":true,"href":"https:\/\/shadedesign.eu\/es\/wp-json\/wp\/v2\/media\/25734"}],"wp:attachment":[{"href":"https:\/\/shadedesign.eu\/es\/wp-json\/wp\/v2\/media?parent=27515"}],"wp:term":[{"taxonomy":"category","embeddable":true,"href":"https:\/\/shadedesign.eu\/es\/wp-json\/wp\/v2\/categories?post=27515"},{"taxonomy":"post_tag","embeddable":true,"href":"https:\/\/shadedesign.eu\/es\/wp-json\/wp\/v2\/tags?post=27515"}],"curies":[{"name":"wp","href":"https:\/\/api.w.org\/{rel}","templated":true}]}}